{"id":73585,"date":"2025-01-22T08:44:33","date_gmt":"2025-01-22T07:44:33","guid":{"rendered":"https:\/\/arcus.world\/verabschiedung-in-den-ruhestand\/"},"modified":"2025-05-22T17:46:47","modified_gmt":"2025-05-22T15:46:47","slug":"verabschiedung-in-den-ruhestand","status":"publish","type":"post","link":"https:\/\/arcus.world\/pl\/verabschiedung-in-den-ruhestand\/","title":{"rendered":"Ein Urgestein verabschiedet sich in den Ruhestand"},"content":{"rendered":"<p>[et_pb_section fb_built=&#8221;1&#8243; admin_label=&#8221;section&#8221; _builder_version=&#8221;4.16&#8243; global_colors_info=&#8221;{}&#8221; theme_builder_area=&#8221;post_content&#8221;][et_pb_row admin_label=&#8221;row&#8221; _builder_version=&#8221;4.16&#8243; background_size=&#8221;initial&#8221; background_position=&#8221;top_left&#8221; background_repeat=&#8221;repeat&#8221; global_colors_info=&#8221;{}&#8221; theme_builder_area=&#8221;post_content&#8221;][et_pb_column type=&#8221;4_4&#8243; _builder_version=&#8221;4.16&#8243; custom_padding=&#8221;|||&#8221; global_colors_info=&#8221;{}&#8221; custom_padding__hover=&#8221;|||&#8221; theme_builder_area=&#8221;post_content&#8221;][et_pb_text _builder_version=&#8221;4.27.4&#8243; _module_preset=&#8221;default&#8221; header_2_font_size=&#8221;45px&#8221; header_2_line_height=&#8221;1.2em&#8221; min_height=&#8221;95px&#8221; custom_margin=&#8221;||1px|||&#8221; hover_enabled=&#8221;0&#8243; text_font_size_tablet=&#8221;&#8221; text_font_size_phone=&#8221;16px&#8221; text_font_size_last_edited=&#8221;on|phone&#8221; header_2_font_size_tablet=&#8221;45px&#8221; header_2_font_size_phone=&#8221;30px&#8221; header_2_font_size_last_edited=&#8221;on|phone&#8221; global_colors_info=&#8221;{}&#8221; theme_builder_area=&#8221;post_content&#8221; sticky_enabled=&#8221;0&#8243;]<\/p>\n<h2>Ein Urgestein verabschiedet sich in den Ruhestand<\/h2>\n<p>[\/et_pb_text][et_pb_text admin_label=&#8221;Text&#8221; _builder_version=&#8221;4.27.4&#8243; text_text_color=&#8221;#000000&#8243; background_size=&#8221;initial&#8221; background_position=&#8221;top_left&#8221; background_repeat=&#8221;repeat&#8221; hover_enabled=&#8221;0&#8243; global_colors_info=&#8221;{}&#8221; theme_builder_area=&#8221;post_content&#8221; sticky_enabled=&#8221;0&#8243;]<\/p>\n<p style=\"text-align: left;\">Nach \u00fcber 30 Jahren bei der ARCUS components GmbH verabschieden wir uns von einem langj\u00e4hrigen Mitarbeiter und gesch\u00e4tzten Kollegen:<br \/>Uwe Pretzlaff tritt in den wohlverdienten Ruhestand, nachdem er in Altersteilzeit gewechselt ist.<\/p>\n<p style=\"text-align: left;\">Seit 1989 war Uwe als Lagerarbeiter am Standort Ostfildern t\u00e4tig und trug ma\u00dfgeblich zum reibungslosen Ablauf im Warenein- und -ausgang bei. Seine langj\u00e4hrige Erfahrung, seine Zuverl\u00e4ssigkeit und sein Engagement haben ihn zu einer wichtigen St\u00fctze in unserem Team gemacht. \u00dcber die Jahre hat er zahlreiche Ver\u00e4nderungen und Weiterentwicklungen im Unternehmen miterlebt und blickt gerne auf seine Zeit bei ARCUS zur\u00fcck:<\/p>\n<p style=\"text-align: left;\">\n<p style=\"text-align: left;\"><em>&#8222;In \u00fcber drei Jahrzehnten hier habe ich gesehen, wie sich ARCUS und die Technologie stetig weiterentwickelt hat. <\/em><em>Viele k\u00f6nnen sich unter Kabelkonfektion zun\u00e4chst nicht viel vorstellen. Aber die meisten sind \u00fcberrascht, wenn ich ihnen erz\u00e4hle, dass unsere Kabelb\u00e4ume und Signalleuchten in vielen Alltagsgegenst\u00e4nden stecken \u2013 von Klima- und Haushaltsger\u00e4ten bis hin zu Elektrowerkzeugen und Schaltschr\u00e4nken namhafter Hersteller. Es war spannend, Teil eines Unternehmens zu sein, das immer mit der Zeit geht und dabei so tolle Kolleginnen und Kollegen hat. Besonders stolz bin ich darauf, unsere Kunden immer termingerecht und in h\u00f6chster Qualit\u00e4t beliefert zu haben.&#8221;<\/em><\/p>\n<p style=\"text-align: left;\"><em><\/em><\/p>\n<p style=\"text-align: left;\">Wir danken Uwe f\u00fcr seinen unerm\u00fcdlichen Einsatz, die gemeinsame Zeit und w\u00fcnschen ihm alles Gute f\u00fcr den n\u00e4chsten Lebensabschnitt. Wir werden ihn sicherlich vermissen, aber sind uns sicher, dass er diesen ebenso engagiert und freudig angeht, wie er es hier bei uns getan hat.<\/p>\n<p>[\/et_pb_text][\/et_pb_column][\/et_pb_row][\/et_pb_section][et_pb_section fb_built=&#8221;1&#8243; _builder_version=&#8221;4.27.4&#8243; _module_preset=&#8221;default&#8221; custom_margin=&#8221;-78px|||||&#8221; custom_padding=&#8221;4px|||||&#8221; global_colors_info=&#8221;{}&#8221; theme_builder_area=&#8221;post_content&#8221;][et_pb_row column_structure=&#8221;1_2,1_2&#8243; _builder_version=&#8221;4.27.4&#8243; _module_preset=&#8221;default&#8221; global_colors_info=&#8221;{}&#8221; theme_builder_area=&#8221;post_content&#8221;][et_pb_column type=&#8221;1_2&#8243; _builder_version=&#8221;4.27.4&#8243; _module_preset=&#8221;default&#8221; global_colors_info=&#8221;{}&#8221; theme_builder_area=&#8221;post_content&#8221;][et_pb_image src=&#8221;https:\/\/arcus.world\/wp-content\/uploads\/2025\/01\/Screenshot-2025-01-08-132051.png&#8221; title_text=&#8221;Screenshot 2025-01-08 132051&#8243; _builder_version=&#8221;4.27.4&#8243; _module_preset=&#8221;default&#8221; custom_margin=&#8221;||-1px|||&#8221; global_colors_info=&#8221;{}&#8221; theme_builder_area=&#8221;post_content&#8221;][\/et_pb_image][et_pb_text _builder_version=&#8221;4.27.4&#8243; _module_preset=&#8221;default&#8221; text_text_color=&#8221;#000000&#8243; min_height=&#8221;18.8px&#8221; custom_padding=&#8221;||6px||false|false&#8221; global_colors_info=&#8221;{}&#8221; theme_builder_area=&#8221;post_content&#8221;]<\/p>\n<p>Die Gesch\u00e4ftsleitung Stephan Meinert (rechts) und Jennifer Borst (links) verabschiedet Uwe Pretzlaff (Mitte)<\/p>\n<p>[\/et_pb_text][\/et_pb_column][et_pb_column type=&#8221;1_2&#8243; _builder_version=&#8221;4.27.4&#8243; _module_preset=&#8221;default&#8221; global_colors_info=&#8221;{}&#8221; theme_builder_area=&#8221;post_content&#8221;][et_pb_image src=&#8221;https:\/\/arcus.world\/wp-content\/uploads\/2025\/01\/Uwe.png&#8221; title_text=&#8221;Uwe&#8221; _builder_version=&#8221;4.27.4&#8243; _module_preset=&#8221;default&#8221; width_tablet=&#8221;&#8221; width_phone=&#8221;&#8221; width_last_edited=&#8221;on|phone&#8221; height=&#8221;452px&#8221; height_tablet=&#8221;452px&#8221; height_phone=&#8221;452px&#8221; height_last_edited=&#8221;on|phone&#8221; max_height=&#8221;450px&#8221; global_colors_info=&#8221;{}&#8221; theme_builder_area=&#8221;post_content&#8221;][\/et_pb_image][\/et_pb_column][\/et_pb_row][\/et_pb_section]<\/p>\n","protected":false},"excerpt":{"rendered":"<p>Ein Urgestein verabschiedet sich in den RuhestandNach \u00fcber 30 Jahren bei der ARCUS components GmbH verabschieden wir uns von einem langj\u00e4hrigen Mitarbeiter und gesch\u00e4tzten Kollegen:Uwe Pretzlaff tritt in den wohlverdienten Ruhestand, nachdem er in Altersteilzeit gewechselt ist. Seit 1989 war Uwe als Lagerarbeiter am Standort Ostfildern t\u00e4tig und trug ma\u00dfgeblich zum reibungslosen Ablauf im Warenein- [&hellip;]<\/p>\n","protected":false},"author":6,"featured_media":73569,"comment_status":"closed","ping_status":"closed","sticky":false,"template":"","format":"standard","meta":{"_et_pb_use_builder":"on","_et_pb_old_content":"<p style=\"text-align: left;\">Nach \u00fcber 30 Jahren bei der ARCUS components GmbH verabschieden wir uns von einem langj\u00e4hrigen Mitarbeiter und gesch\u00e4tzten Kollegen: Uwe Pretzlaff tritt<\/p>\r\n<img class=\"wp-image-73567 size-medium alignleft\" src=\"https:\/\/arcus.world\/wp-content\/uploads\/2025\/01\/Screenshot-2025-01-08-132051-300x225.png\" alt=\"\" width=\"300\" height=\"225\" \/>\r\n<p style=\"text-align: left;\">in den wohlverdienten Ruhestand, nachdem er in Altersteilzeit gewechselt ist.<\/p>\r\n<p style=\"text-align: left;\">Seit 1989 war Uwe als Lagerarbeiter am Standort Ostfildern t\u00e4tig und trug ma\u00dfgeblich zum reibungslosen Ablauf im Warenein- und -ausgang bei. Seine langj\u00e4hrige Erfahrung, seine Zuverl\u00e4ssigkeit und sein Engagement haben ihn zu einer wichtigen St\u00fctze in unserem Team gemacht. \u00dcber die Jahre hat er zahlreiche Ver\u00e4nderungen und Weiterentwicklungen im Unternehmen miterlebt und blickt gerne auf seine Zeit bei ARCUS zur\u00fcck.<\/p>\r\n<p style=\"text-align: left;\"><em>\"In \u00fcber drei Jahrzehnten hier habe ich gesehen, wie sich ARCUS und die Technologie stetig weiterentwickelt hat. <\/em><em>Viele k\u00f6nnen sich unter Kabelkonfektion zun\u00e4chst nicht viel vorstellen. Aber die meisten sind \u00fcberrascht, wenn ich ihnen erz\u00e4hle, dass unsere Kabelb\u00e4ume und Signalleuchten in vielen Alltagsgegenst\u00e4nden stecken \u2013 von Klima- und Haushaltsger\u00e4ten bis hin zu Elektrowerkzeugen und Schaltschr\u00e4nken namhafter Hersteller. Es war spannend, Teil eines Unternehmens zu sein, das immer mit der Zeit geht und dabei so tolle Kolleginnen und Kollegen hat. Besonders stolz bin ich darauf, unsere Kunden immer termingerecht und in h\u00f6chster Qualit\u00e4t beliefert zu haben.\"<\/em><\/p>\r\n<p style=\"text-align: left;\">Wir danken Uwe f\u00fcr seinen unerm\u00fcdlichen Einsatz, die gemeinsame Zeit und w\u00fcnschen ihm alles Gute f\u00fcr den n\u00e4chsten Lebensabschnitt. Wir werden ihn sicherlich vermissen, aber sind uns sicher, dass er diesen ebenso engagiert und freudig angeht, wie er es hier bei uns getan hat.<\/p>","_et_gb_content_width":"","footnotes":""},"categories":[11],"tags":[],"class_list":["post-73585","post","type-post","status-publish","format-standard","has-post-thumbnail","hentry","category-bez-kategorii"],"_links":{"self":[{"href":"https:\/\/arcus.world\/pl\/wp-json\/wp\/v2\/posts\/73585","targetHints":{"allow":["GET"]}}],"collection":[{"href":"https:\/\/arcus.world\/pl\/wp-json\/wp\/v2\/posts"}],"about":[{"href":"https:\/\/arcus.world\/pl\/wp-json\/wp\/v2\/types\/post"}],"author":[{"embeddable":true,"href":"https:\/\/arcus.world\/pl\/wp-json\/wp\/v2\/users\/6"}],"replies":[{"embeddable":true,"href":"https:\/\/arcus.world\/pl\/wp-json\/wp\/v2\/comments?post=73585"}],"version-history":[{"count":1,"href":"https:\/\/arcus.world\/pl\/wp-json\/wp\/v2\/posts\/73585\/revisions"}],"predecessor-version":[{"id":73638,"href":"https:\/\/arcus.world\/pl\/wp-json\/wp\/v2\/posts\/73585\/revisions\/73638"}],"wp:featuredmedia":[{"embeddable":true,"href":"https:\/\/arcus.world\/pl\/wp-json\/wp\/v2\/media\/73569"}],"wp:attachment":[{"href":"https:\/\/arcus.world\/pl\/wp-json\/wp\/v2\/media?parent=73585"}],"wp:term":[{"taxonomy":"category","embeddable":true,"href":"https:\/\/arcus.world\/pl\/wp-json\/wp\/v2\/categories?post=73585"},{"taxonomy":"post_tag","embeddable":true,"href":"https:\/\/arcus.world\/pl\/wp-json\/wp\/v2\/tags?post=73585"}],"curies":[{"name":"wp","href":"https:\/\/api.w.org\/{rel}","templated":true}]}}